{"id":1184,"date":"2010-02-25T15:31:50","date_gmt":"2010-02-25T22:31:50","guid":{"rendered":"http:\/\/plgo.info\/?p=1184"},"modified":"2010-02-25T16:38:39","modified_gmt":"2010-02-25T23:38:39","slug":"sejourne-le-dernier-pere-de-leglise-saint-isidore-de-seville-son-role-dans-lhistoire-du-droit-canonique-1929","status":"publish","type":"post","link":"http:\/\/plgo.org\/?p=1184","title":{"rendered":"S\u00e9journ\u00e9. Le dernier p\u00e8re de l&#8217;\u00e9glise, Saint Isidore de Seville; son r\u00f4le dans l&#8217;histoire du droit canonique. 1929."},"content":{"rendered":"<h5 style=\"text-align: center;\"><strong>\u00c9tudes de Th\u00e9ologie Historique<\/strong><\/h5>\n<h5 style=\"text-align: center;\">PUBLI\u00c9ES SOUS LA DIRECTION DES PROFESSEURS DE TH\u00c9OLOGIE<\/h5>\n<h5 style=\"text-align: center;\">A L&#8217;INSTITUT CATHOLIQUE DE PARIS<\/h5>\n<p style=\"text-align: center;\">\n<p style=\"text-align: center;\"><strong>LE DERNIER P\u00e8RE DE L&#8217;\u00c9GLISE<\/strong><\/p>\n<h2 style=\"text-align: center;\">SAINT<\/h2>\n<h2 style=\"text-align: center;\">ISIDORE DE S\u00c9VILLE<\/h2>\n<p style=\"text-align: center;\"><strong>Son R\u00f4le<\/p>\n<p style=\"text-align: center;\">Dans l&#8217;Histoire du Droit Canonique<\/p>\n<p><\/strong><\/p>\n<h3 style=\"text-align: center;\">par Dom Paul S\u00c9JOURN\u00c9<\/h3>\n<p style=\"text-align: center;\">\u00c9L\u00e8VE DIPL\u00f2M\u00c9<br \/>\nDE L&#8217;\u00c9COLE PRATIQUE DES HAUTES \u00c9TUDES HISTORIQUES<\/p>\n<p style=\"text-align: center;\"><strong>MCMXXIX<\/strong><\/p>\n<blockquote>\n<p style=\"text-align: justify;\">&#8220;Isidore de S\u00e9ville, dit J. Tardif, a \u00e9t\u00e9 le principal interm\u00e9diaire entre le monde romain et les nations germaniques qui avaient envahi l&#8217;Empire : c&#8217;est lui qui les a initi\u00e9es aux connaissances scientifiques et grammaticales de la Gr\u00e8ce et de Rome, connaissances qui sont rest\u00e9es le fond de l&#8217;\u00e9rudition du Moyen Age jusqu&#8217;au XIIe si\u00e8cle. Ce qui est vrai de l&#8217;ensemble de la culture intellectuelle ne l&#8217;est pas moins des \u00e9l\u00e9ments de la science du droit : les Etymologies ont \u00e9t\u00e9, avec le Br\u00e9viaire d&#8217;Alaric, une des sources auxquelles on a longtemps puis\u00e9 la connaissance des principes g\u00e9n\u00e9raux de la l\u00e9gislation romaine. L&#8217;\u0153uvre [canonique] d&#8217;Isidore de S\u00e9ville a \u00e9t\u00e9 encore plus durable et presque toutes les notions juridiques contenues dans les Etymologies sont pass\u00e9es dans le D\u00e9cret de Gratien&#8230; L&#8217;influence d&#8217;Isidore de S\u00e9ville s&#8217;est fait sentir \u00e0 la fois sur la l\u00e9gislation canonique et sur les coutumes germaniques &#8220;.<br \/>\nDe ces deux probl\u00e8mes, que J. Tardif e\u00fbt \u00e9t\u00e9 plus \u00e0 m\u00eame que personne de mener \u00e0 bon terme, et qui n&#8217;ont jamais \u00e9t\u00e9 trait\u00e9s dans toute leur ampleur, le premier seul nous int\u00e9resse. Car le sujet du concours annuel de l&#8217;Universit\u00e9 de Strasbourg, pour lequel ce m\u00e9moire a d&#8217;abord \u00e9t\u00e9 r\u00e9dig\u00e9, \u00e9tait ainsi con\u00e7u : Saint Isidore de S\u00e9ville et son r\u00f4le dans l&#8217;histoire du droit canonique.<\/p>\n<\/blockquote>\n<p align=\"center\"><iframe src='http:\/\/www.archive.org\/stream\/MN42049ucmf_4?ui=embed' width='480px' height='430px'><\/iframe><\/p>\n","protected":false},"excerpt":{"rendered":"\u00c9tudes de Th\u00e9ologie Historique PUBLI\u00c9ES SOUS LA DIRECTION DES PROFESSEURS DE TH\u00c9OLOGIE A L&#8217;INSTITUT CATHOLIQUE DE PARIS LE DERNIER P\u00e8RE DE L&#8217;\u00c9GLISE SAINT ISIDORE DE S\u00c9VILLE Son R\u00f4le Dans l&#8217;Histoire du Droit Canonique par Dom Paul S\u00c9JOURN\u00c9 \u00c9L\u00e8VE DIPL\u00f2M\u00c9 DE L&#8217;\u00c9COLE PRATIQUE DES HAUTES \u00c9TUDES HISTORIQUES MCMXXIX &#8220;Isidore de S\u00e9ville,&hellip;\n","protected":false},"author":2,"featured_media":0,"comment_status":"open","ping_status":"open","sticky":false,"template":"","format":"standard","meta":{"footnotes":""},"categories":[5,15],"tags":[42,48,61],"class_list":["post-1184","post","type-post","status-publish","format-standard","hentry","category-church-history","category-studiamonographiae","tag-french","tag-internet-archive","tag-patristics-related-theme"],"_links":{"self":[{"href":"http:\/\/plgo.org\/index.php?rest_route=\/wp\/v2\/posts\/1184","targetHints":{"allow":["GET"]}}],"collection":[{"href":"http:\/\/plgo.org\/index.php?rest_route=\/wp\/v2\/posts"}],"about":[{"href":"http:\/\/plgo.org\/index.php?rest_route=\/wp\/v2\/types\/post"}],"author":[{"embeddable":true,"href":"http:\/\/plgo.org\/index.php?rest_route=\/wp\/v2\/users\/2"}],"replies":[{"embeddable":true,"href":"http:\/\/plgo.org\/index.php?rest_route=%2Fwp%2Fv2%2Fcomments&post=1184"}],"version-history":[{"count":3,"href":"http:\/\/plgo.org\/index.php?rest_route=\/wp\/v2\/posts\/1184\/revisions"}],"predecessor-version":[{"id":1190,"href":"http:\/\/plgo.org\/index.php?rest_route=\/wp\/v2\/posts\/1184\/revisions\/1190"}],"wp:attachment":[{"href":"http:\/\/plgo.org\/index.php?rest_route=%2Fwp%2Fv2%2Fmedia&parent=1184"}],"wp:term":[{"taxonomy":"category","embeddable":true,"href":"http:\/\/plgo.org\/index.php?rest_route=%2Fwp%2Fv2%2Fcategories&post=1184"},{"taxonomy":"post_tag","embeddable":true,"href":"http:\/\/plgo.org\/index.php?rest_route=%2Fwp%2Fv2%2Ftags&post=1184"}],"curies":[{"name":"wp","href":"https:\/\/api.w.org\/{rel}","templated":true}]}}