{"id":1192,"date":"2010-02-25T16:45:34","date_gmt":"2010-02-25T23:45:34","guid":{"rendered":"http:\/\/plgo.info\/?p=1192"},"modified":"2010-02-25T16:45:34","modified_gmt":"2010-02-25T23:45:34","slug":"freppel-les-peres-de-leglise-des-trois-premiers-siecles-1893","status":"publish","type":"post","link":"http:\/\/plgo.org\/?p=1192","title":{"rendered":"Freppel. Les P\u00e8res de l&#8217;\u00c9glise des trois premiers si\u00e8cles. 1893."},"content":{"rendered":"<p style=\"text-align: center;\">Les<\/p>\n<h2 style=\"text-align: center;\">P\u00e9res de l&#8217;\u00c9glise<\/h2>\n<p style=\"text-align: center;\">des<\/p>\n<h3 style=\"text-align: center;\">TROIS PREMIERS SI\u00e8CLES<\/h3>\n<p style=\"text-align: center;\"><strong>PORTRAITS ET NOTICES<\/strong><\/p>\n<p style=\"text-align: center;\"><strong> <\/strong><\/p>\n<p style=\"text-align: center;\"><strong>EXTRAITS DU COURS D&#8217;\u00c9LOQUENCE SACR\u00c9E<\/strong><\/p>\n<p style=\"text-align: center;\">DE<\/p>\n<p style=\"text-align: center;\"><strong>Monseigneur FREPPEL.<\/strong><\/p>\n<p style=\"text-align: center;\">PARIS.<br \/>\n1893.<\/p>\n<p style=\"text-align: center;\">\n<p><a title='Link hacia este documento' href='http:\/\/gallica.bnf.fr\/ark:\/12148\/bpt6k278933'><img alt='Les p\u00e8res de l'Eglise des trois premiers si\u00e8cles : portraits et notices extraits du cours d'\u00e9loquence sacr\u00e9e \/ de monseigneur Freppel' src='http:\/\/gallica.bnf.fr\/ark:\/12148\/bpt6k278933.lowres' \/><br \/>Les p\u00e8res de l&#8217;Eglise des trois premiers si\u00e8cles : portraits et notices extraits du cours d&#8217;\u00e9loquence sacr\u00e9e \/ de monseigneur Freppel <br \/> Source: Biblioth\u00e8que nationale de France <\/a><\/p>\n","protected":false},"excerpt":{"rendered":"Les P\u00e9res de l&#8217;\u00c9glise des TROIS PREMIERS SI\u00e8CLES PORTRAITS ET NOTICES EXTRAITS DU COURS D&#8217;\u00c9LOQUENCE SACR\u00c9E DE Monseigneur FREPPEL. PARIS. 1893. Les p\u00e8res de l&#8217;Eglise des trois premiers si\u00e8cles : portraits et notices extraits du cours d&#8217;\u00e9loquence sacr\u00e9e \/ de monseigneur Freppel Source: Biblioth\u00e8que nationale de France\n","protected":false},"author":2,"featured_media":0,"comment_status":"open","ping_status":"open","sticky":false,"template":"","format":"standard","meta":{"footnotes":""},"categories":[5,15],"tags":[35,86,42,61],"class_list":["post-1192","post","type-post","status-publish","format-standard","hentry","category-church-history","category-studiamonographiae","tag-bnf-gallica","tag-early-fathers","tag-french","tag-patristics-related-theme"],"_links":{"self":[{"href":"http:\/\/plgo.org\/index.php?rest_route=\/wp\/v2\/posts\/1192","targetHints":{"allow":["GET"]}}],"collection":[{"href":"http:\/\/plgo.org\/index.php?rest_route=\/wp\/v2\/posts"}],"about":[{"href":"http:\/\/plgo.org\/index.php?rest_route=\/wp\/v2\/types\/post"}],"author":[{"embeddable":true,"href":"http:\/\/plgo.org\/index.php?rest_route=\/wp\/v2\/users\/2"}],"replies":[{"embeddable":true,"href":"http:\/\/plgo.org\/index.php?rest_route=%2Fwp%2Fv2%2Fcomments&post=1192"}],"version-history":[{"count":1,"href":"http:\/\/plgo.org\/index.php?rest_route=\/wp\/v2\/posts\/1192\/revisions"}],"predecessor-version":[{"id":1193,"href":"http:\/\/plgo.org\/index.php?rest_route=\/wp\/v2\/posts\/1192\/revisions\/1193"}],"wp:attachment":[{"href":"http:\/\/plgo.org\/index.php?rest_route=%2Fwp%2Fv2%2Fmedia&parent=1192"}],"wp:term":[{"taxonomy":"category","embeddable":true,"href":"http:\/\/plgo.org\/index.php?rest_route=%2Fwp%2Fv2%2Fcategories&post=1192"},{"taxonomy":"post_tag","embeddable":true,"href":"http:\/\/plgo.org\/index.php?rest_route=%2Fwp%2Fv2%2Ftags&post=1192"}],"curies":[{"name":"wp","href":"https:\/\/api.w.org\/{rel}","templated":true}]}}