{"id":64,"date":"2008-06-09T19:25:00","date_gmt":"2008-06-09T19:25:00","guid":{"rendered":"http:\/\/patrologialatinagraecaetorientalis.wordpress.com\/2008\/06\/09\/useful-filespatrologia-en-la-biblioteca-virtual-miguel-de-cervantes\/"},"modified":"2008-06-09T19:25:00","modified_gmt":"2008-06-09T19:25:00","slug":"useful-filespatrologia-en-la-biblioteca-virtual-miguel-de-cervantes","status":"publish","type":"post","link":"http:\/\/plgo.org\/?p=64","title":{"rendered":"[Useful files]Patrologia en la Biblioteca Virtual Miguel de Cervantes"},"content":{"rendered":"<div style=\"text-align:justify;\">Poco, pero hay algunos apuntes interesantes, son los siguientes:<\/p>\n<\/div>\n<div style=\"text-align:justify;\" class=\"listadoCat\"> <strong><span class=\"fuenteMayor\">T\u00edtulos (9 referencias a &#8220;PATROLOGIA&#8221;):<\/span><\/strong>  <\/p>\n<ul>\n<li><a href=\"http:\/\/www.cervantesvirtual.com\/FichaObra.html?Ref=23883\"><span class=\"titObraEcritico\">Patrolog\u00eda. Bulas in\u00e9ditas de Silvestre II y Juan XVIII<\/span><\/a><em> \/ Fidel Fita<\/em>. <span class=\"reducido\"><a href=\"http:\/\/www.cervantesvirtual.com\/seccion\/historia\/\">Secci\u00f3n de Historia<\/a><\/span>. <\/li>\n<li><a href=\"http:\/\/www.cervantesvirtual.com\/FichaObra.html?Ref=24006\"><span class=\"titObraEcritico\">Patrolog\u00eda latina. Apringio, obispo de Beja<\/span><\/a><em> \/ Fidel Fita<\/em>. <span class=\"reducido\"><a href=\"http:\/\/www.cervantesvirtual.com\/seccion\/historia\/\">Secci\u00f3n de Historia<\/a><\/span>. <\/li>\n<li><a href=\"http:\/\/www.cervantesvirtual.com\/FichaObra.html?Ref=23909\"><span class=\"titObraEcritico\">Patrolog\u00eda latina. Carta in\u00e9dita de los reyes D. Alfonso IX de Le\u00f3n y D. Enrique I de Castilla al Papa Inocencio III. Rescriptos de Honorio III. Cortes de Toro en 1216<\/span><\/a><em> \/ Fidel Fita<\/em>. <span class=\"reducido\"><a href=\"http:\/\/www.cervantesvirtual.com\/seccion\/historia\/\">Secci\u00f3n de Historia<\/a><\/span>. <\/li>\n<li><a href=\"http:\/\/www.cervantesvirtual.com\/FichaObra.html?Ref=23997\"><span class=\"titObraEcritico\">Patrolog\u00eda latina. Renallo Gram\u00e1tico de Barcelona<\/span><\/a><em> \/ Fidel Fita<\/em>. <span class=\"reducido\"><a href=\"http:\/\/www.cervantesvirtual.com\/seccion\/historia\/\">Secci\u00f3n de Historia<\/a><\/span>. <\/li>\n<li><a href=\"http:\/\/www.cervantesvirtual.com\/FichaObra.html?Ref=24431\"><span class=\"titObraEcritico\">Patrologia latina. Renallo gram\u00e1tico de Barcelona<\/span><\/a><em> \/ Fidel Fita<\/em>. <span class=\"reducido\"><a href=\"http:\/\/www.cervantesvirtual.com\/seccion\/historia\/\">Secci\u00f3n de Historia<\/a><\/span>. <\/li>\n<li><a href=\"http:\/\/www.cervantesvirtual.com\/FichaObra.html?Ref=23875\"><span class=\"titObraEcritico\">Patrolog\u00eda latina. Renallo Gram\u00e1tico de Barcelona. Nuevos datos biogr\u00e1ficos<\/span><\/a><em> \/ Fidel Fita<\/em>. <span class=\"reducido\"><a href=\"http:\/\/www.cervantesvirtual.com\/seccion\/historia\/\">Secci\u00f3n de Historia<\/a><\/span>. <\/li>\n<li><a href=\"http:\/\/www.cervantesvirtual.com\/FichaObra.html?Ref=17761\"><span class=\"titObraEcritico\">Patrolog\u00eda latina  : Renallo Gram\u00e1tico : su apunte hist\u00f3rico de Sabadell<\/span><\/a><em> \/ Fidel Fita<\/em>. <span class=\"reducido\"><a href=\"http:\/\/www.cervantesvirtual.com\/seccion\/historia\/\">Secci\u00f3n de Historia<\/a><\/span>. <\/li>\n<li><a href=\"http:\/\/www.cervantesvirtual.com\/FichaObra.html?Ref=24025\"><span class=\"titObraEcritico\">Patrolog\u00eda latina. Renallo gram\u00e1tico y la conquista de Mallorca por el Conde de Barcelona D. Ram\u00f3n Berenguer III. Escrituras in\u00e9ditas de Renallo<\/span><\/a><em> \/ Fita Colom\u00e9, Fidel, (S.I.)<\/em>. <span class=\"reducido\"><a href=\"http:\/\/www.cervantesvirtual.com\/seccion\/historia\/\">Secci\u00f3n de Historia<\/a><\/span>. <\/li>\n<li><a href=\"http:\/\/www.cervantesvirtual.com\/FichaObra.html?Ref=25489\"><span class=\"titObraEcritico\">Patrolog\u00eda visig\u00f3tica. Elpidio, Pompeyano. Vicente y Gabino, obispos de Huesca en el siglo VI<\/span><\/a><em> \/ Fidel Fita<\/em>. <span class=\"reducido\"><a href=\"http:\/\/www.cervantesvirtual.com\/seccion\/historia\/\">Secci\u00f3n de Historia<\/a><\/span>. <span class=\"reducido\"><a href=\"http:\/\/www.cervantesvirtual.com\/portal\/Antigua\/\">Antigua. Historia y Arqueolog\u00eda de las civilizaciones<\/a><\/span>.<\/li>\n<\/ul><\/div>\n<div style=\"text-align:justify;\">Bajo &#8216;Padres de la iglesia&#8217; aparecen los mismos t\u00edtulos, con excepci\u00f3n del primero, interesante a ojos vista:<\/p>\n<div class=\"ftitprincipal\">Padres de la Iglesia<\/div>\n<p> <strong><span class=\"fuenteMayor\">T\u00edtulos digitalizados:<\/span><\/strong>  <\/p>\n<ul>\n<li><a href=\"http:\/\/www.cervantesvirtual.com\/FichaObra.html?Ref=19322\"><span class=\"titObraEcritico\">La Academia de Atenas como foco de formaci\u00f3n human\u00edstica para paganos y cristianos : los casos de Juliano, Basilio y Gregorio Nacianceno<\/span><\/a><em> \/ Jos\u00e9 Mar\u00eda Bl\u00e1zquez Mart\u00ednez<\/em>. <span class=\"reducido\"><a href=\"http:\/\/www.cervantesvirtual.com\/seccion\/historia\/\">Secci\u00f3n de Historia<\/a><\/span>. <span class=\"reducido\"><a href=\"http:\/\/www.cervantesvirtual.com\/portal\/Antigua\/\">Antigua. Historia y Arqueolog\u00eda de las civilizaciones<\/a><\/span>. <span class=\"reducido\"><a href=\"http:\/\/www.cervantesvirtual.com\/portal\/historiadores\/\">Historiadores de nuestro tiempo<\/a><\/span>. <\/li>\n<li><a href=\"http:\/\/www.cervantesvirtual.com\/FichaObra.html?Ref=19002\"><span class=\"titObraProcesoCorrec\">Dos obras de M. Lenormant<\/span><\/a><em> \/ Fidel Fita<\/em>. <span class=\"reducido\"><a href=\"http:\/\/www.cervantesvirtual.com\/seccion\/historia\/\">Secci\u00f3n de Historia<\/a><\/span>. <\/li>\n<li><a href=\"http:\/\/www.cervantesvirtual.com\/FichaObra.html?Ref=24006\"><span class=\"titObraEcritico\">Patrolog\u00eda latina. Apringio, obispo de Beja<\/span><\/a><em> \/ Fidel Fita<\/em>. <span class=\"reducido\"><a href=\"http:\/\/www.cervantesvirtual.com\/seccion\/historia\/\">Secci\u00f3n de Historia<\/a><\/span>. <\/li>\n<li><a href=\"http:\/\/www.cervantesvirtual.com\/FichaObra.html?Ref=23997\"><span class=\"titObraEcritico\">Patrolog\u00eda latina. Renallo Gram\u00e1tico de Barcelona<\/span><\/a><em> \/ Fidel Fita<\/em>. <span class=\"reducido\"><a href=\"http:\/\/www.cervantesvirtual.com\/seccion\/historia\/\">Secci\u00f3n de Historia<\/a><\/span>. <\/li>\n<li><a href=\"http:\/\/www.cervantesvirtual.com\/FichaObra.html?Ref=24431\"><span class=\"titObraEcritico\">Patrologia latina. Renallo gram\u00e1tico de Barcelona<\/span><\/a><em> \/ Fidel Fita<\/em>. <span class=\"reducido\"><a href=\"http:\/\/www.cervantesvirtual.com\/seccion\/historia\/\">Secci\u00f3n de Historia<\/a><\/span>. <\/li>\n<li><a href=\"http:\/\/www.cervantesvirtual.com\/FichaObra.html?Ref=23875\"><span class=\"titObraEcritico\">Patrolog\u00eda latina. Renallo Gram\u00e1tico de Barcelona. Nuevos datos biogr\u00e1ficos<\/span><\/a><em> \/ Fidel Fita<\/em>. <span class=\"reducido\"><a href=\"http:\/\/www.cervantesvirtual.com\/seccion\/historia\/\">Secci\u00f3n de Historia<\/a><\/span>. <\/li>\n<li><a href=\"http:\/\/www.cervantesvirtual.com\/FichaObra.html?Ref=17761\"><span class=\"titObraEcritico\">Patrolog\u00eda latina  : Renallo Gram\u00e1tico : su apunte hist\u00f3rico de Sabadell<\/span><\/a><em> \/ Fidel Fita<\/em>. <span class=\"reducido\"><a href=\"http:\/\/www.cervantesvirtual.com\/seccion\/historia\/\">Secci\u00f3n de Historia<\/a><\/span>. <\/li>\n<li><a href=\"http:\/\/www.cervantesvirtual.com\/FichaObra.html?Ref=24025\"><span class=\"titObraEcritico\">Patrolog\u00eda latina. Renallo gram\u00e1tico y la conquista de Mallorca por el Conde de Barcelona D. Ram\u00f3n Berenguer III. Escrituras in\u00e9ditas de Renallo<\/span><\/a><em> \/ Fita Colom\u00e9, Fidel, (S.I.)<\/em>. <span class=\"reducido\"><a href=\"http:\/\/www.cervantesvirtual.com\/seccion\/historia\/\">Secci\u00f3n de Historia<\/a><\/span>. <\/li>\n<li><a href=\"http:\/\/www.cervantesvirtual.com\/FichaObra.html?Ref=25489\"><span class=\"titObraEcritico\">Patrolog\u00eda visig\u00f3tica. Elpidio, Pompeyano. Vicente y Gabino, obispos de Huesca en el siglo VI<\/span><\/a><em> \/ Fidel Fita<\/em>. <span class=\"reducido\"><a href=\"http:\/\/www.cervantesvirtual.com\/seccion\/historia\/\">Secci\u00f3n de Historia<\/a><\/span>. <span class=\"reducido\"><a href=\"http:\/\/www.cervantesvirtual.com\/portal\/Antigua\/\">Antigua. Historia y Arqueolog\u00eda de las civilizaciones<\/a><\/span>.<\/li>\n<\/ul>\n<p><\/div>\n","protected":false},"excerpt":{"rendered":"Poco, pero hay algunos apuntes interesantes, son los siguientes: T\u00edtulos (9 referencias a &#8220;PATROLOGIA&#8221;): Patrolog\u00eda. Bulas in\u00e9ditas de Silvestre II y Juan XVIII \/ Fidel Fita. Secci\u00f3n de Historia. Patrolog\u00eda latina. Apringio, obispo de Beja \/ Fidel Fita. Secci\u00f3n de Historia. Patrolog\u00eda latina. Carta in\u00e9dita de los reyes D. Alfonso&hellip;\n","protected":false},"author":2,"featured_media":0,"comment_status":"open","ping_status":"open","sticky":false,"template":"","format":"standard","meta":{"footnotes":""},"categories":[1],"tags":[],"class_list":["post-64","post","type-post","status-publish","format-standard","hentry","category-uncategorized"],"_links":{"self":[{"href":"http:\/\/plgo.org\/index.php?rest_route=\/wp\/v2\/posts\/64","targetHints":{"allow":["GET"]}}],"collection":[{"href":"http:\/\/plgo.org\/index.php?rest_route=\/wp\/v2\/posts"}],"about":[{"href":"http:\/\/plgo.org\/index.php?rest_route=\/wp\/v2\/types\/post"}],"author":[{"embeddable":true,"href":"http:\/\/plgo.org\/index.php?rest_route=\/wp\/v2\/users\/2"}],"replies":[{"embeddable":true,"href":"http:\/\/plgo.org\/index.php?rest_route=%2Fwp%2Fv2%2Fcomments&post=64"}],"version-history":[{"count":0,"href":"http:\/\/plgo.org\/index.php?rest_route=\/wp\/v2\/posts\/64\/revisions"}],"wp:attachment":[{"href":"http:\/\/plgo.org\/index.php?rest_route=%2Fwp%2Fv2%2Fmedia&parent=64"}],"wp:term":[{"taxonomy":"category","embeddable":true,"href":"http:\/\/plgo.org\/index.php?rest_route=%2Fwp%2Fv2%2Fcategories&post=64"},{"taxonomy":"post_tag","embeddable":true,"href":"http:\/\/plgo.org\/index.php?rest_route=%2Fwp%2Fv2%2Ftags&post=64"}],"curies":[{"name":"wp","href":"https:\/\/api.w.org\/{rel}","templated":true}]}}